{"id":2014,"date":"2021-03-17T12:38:46","date_gmt":"2021-03-17T11:38:46","guid":{"rendered":"https:\/\/www.sensormedica.com\/?p=2014"},"modified":"2025-05-20T05:57:55","modified_gmt":"2025-05-20T05:57:55","slug":"feet-deformities-and-their-close-association-with-postural-stability-deficits-in-children-aged-10-15-years","status":"publish","type":"post","link":"https:\/\/www.sensormedica.com\/es\/deformidades-de-los-pies-y-su-estrecha-asociacion-con-deficits-de-estabilidad-postural-en-ninos-de-10-15-anos\/","title":{"rendered":"Deformidades de los pies y su estrecha asociaci\u00f3n con los d\u00e9ficits de estabilidad postural en ni\u00f1os de 10 a 15 a\u00f1os"},"content":{"rendered":"<div data-elementor-type=\"wp-post\" data-elementor-id=\"2014\" class=\"elementor elementor-2014\" data-elementor-post-type=\"post\">\n\t\t\t\t\t\t<section class=\"elementor-section elementor-top-section elementor-element elementor-element-434b0c26 elementor-section-boxed elementor-section-height-default elementor-section-height-default\" data-id=\"434b0c26\" data-element_type=\"section\" data-settings=\"{&quot;background_background&quot;:&quot;classic&quot;}\">\n\t\t\t\t\t\t\t<div class=\"elementor-background-overlay\"><\/div>\n\t\t\t\t\t\t\t<div class=\"elementor-container elementor-column-gap-default\">\n\t\t\t\t\t<div class=\"elementor-column elementor-col-33 elementor-top-column elementor-element elementor-element-5eacea4d\" data-id=\"5eacea4d\" data-element_type=\"column\">\n\t\t\t<div class=\"elementor-widget-wrap\">\n\t\t\t\t\t\t\t<\/div>\n\t\t<\/div>\n\t\t\t\t<div class=\"elementor-column elementor-col-33 elementor-top-column elementor-element elementor-element-248cb369\" data-id=\"248cb369\" data-element_type=\"column\">\n\t\t\t<div class=\"elementor-widget-wrap elementor-element-populated\">\n\t\t\t\t\t\t<div class=\"elementor-element elementor-element-3313b9e2 elementor-widget elementor-widget-theme-post-title elementor-page-title elementor-widget-heading\" data-id=\"3313b9e2\" data-element_type=\"widget\" data-widget_type=\"theme-post-title.default\">\n\t\t\t\t<div class=\"elementor-widget-container\">\n\t\t\t<style>\/*! elementor - v3.23.0 - 05-08-2024 *\/\n.elementor-heading-title{padding:0;margin:0;line-height:1}.elementor-widget-heading .elementor-heading-title[class*=elementor-size-]>a{color:inherit;font-size:inherit;line-height:inherit}.elementor-widget-heading .elementor-heading-title.elementor-size-small{font-size:15px}.elementor-widget-heading .elementor-heading-title.elementor-size-medium{font-size:19px}.elementor-widget-heading .elementor-heading-title.elementor-size-large{font-size:29px}.elementor-widget-heading .elementor-heading-title.elementor-size-xl{font-size:39px}.elementor-widget-heading .elementor-heading-title.elementor-size-xxl{font-size:59px}<\/style><h1 class=\"elementor-heading-title elementor-size-default\">Deformidades de los pies y su estrecha asociaci\u00f3n con los d\u00e9ficits de estabilidad postural en ni\u00f1os de 10 a 15 a\u00f1os<\/h1>\t\t<\/div>\n\t\t\t\t<\/div>\n\t\t\t\t\t<\/div>\n\t\t<\/div>\n\t\t\t\t<div class=\"elementor-column elementor-col-33 elementor-top-column elementor-element elementor-element-4d3c9c5f\" data-id=\"4d3c9c5f\" data-element_type=\"column\">\n\t\t\t<div class=\"elementor-widget-wrap\">\n\t\t\t\t\t\t\t<\/div>\n\t\t<\/div>\n\t\t\t\t\t<\/div>\n\t\t<\/section>\n\t\t\t\t<section class=\"elementor-section elementor-top-section elementor-element elementor-element-55781801 elementor-section-boxed elementor-section-height-default elementor-section-height-default\" data-id=\"55781801\" data-element_type=\"section\">\n\t\t\t\t\t\t<div class=\"elementor-container elementor-column-gap-default\">\n\t\t\t\t\t<div class=\"elementor-column elementor-col-100 elementor-top-column elementor-element elementor-element-3571c373\" data-id=\"3571c373\" data-element_type=\"column\">\n\t\t\t<div class=\"elementor-widget-wrap elementor-element-populated\">\n\t\t\t\t\t\t<section class=\"elementor-section elementor-inner-section elementor-element elementor-element-6249f87b elementor-section-boxed elementor-section-height-default elementor-section-height-default\" data-id=\"6249f87b\" data-element_type=\"section\">\n\t\t\t\t\t\t<div class=\"elementor-container elementor-column-gap-default\">\n\t\t\t\t\t<div class=\"elementor-column elementor-col-66 elementor-inner-column elementor-element elementor-element-3d93a00d\" data-id=\"3d93a00d\" data-element_type=\"column\">\n\t\t\t<div class=\"elementor-widget-wrap elementor-element-populated\">\n\t\t\t\t\t\t\t<\/div>\n\t\t<\/div>\n\t\t\t\t<div class=\"elementor-column elementor-col-33 elementor-inner-column elementor-element elementor-element-4e633839\" data-id=\"4e633839\" data-element_type=\"column\">\n\t\t\t<div class=\"elementor-widget-wrap elementor-element-populated\">\n\t\t\t\t\t\t<div class=\"elementor-element elementor-element-4e75c023 elementor-widget elementor-widget-text-editor\" data-id=\"4e75c023\" data-element_type=\"widget\" data-widget_type=\"text-editor.default\">\n\t\t\t\t<div class=\"elementor-widget-container\">\n\t\t\t<style>\/*! elementor - v3.23.0 - 05-08-2024 *\/\n.elementor-widget-text-editor.elementor-drop-cap-view-stacked .elementor-drop-cap{background-color:#69727d;color:#fff}.elementor-widget-text-editor.elementor-drop-cap-view-framed .elementor-drop-cap{color:#69727d;border:3px solid;background-color:transparent}.elementor-widget-text-editor:not(.elementor-drop-cap-view-default) .elementor-drop-cap{margin-top:8px}.elementor-widget-text-editor:not(.elementor-drop-cap-view-default) .elementor-drop-cap-letter{width:1em;height:1em}.elementor-widget-text-editor .elementor-drop-cap{float:left;text-align:center;line-height:1;font-size:50px}.elementor-widget-text-editor .elementor-drop-cap-letter{display:inline-block}<\/style>\t\t\t\t<p><strong>Autores:<\/strong><br \/>Beata Szczepanowska-Wolowiec, Paulina Sztandera, Ireneusz Kotela, Marek Zak<\/p><p><strong>Palabras clave:<\/strong><br \/>Salud p\u00fablica, Deformidades en los pies, Equilibrio, Estabilidad postural, Ni\u00f1os<\/p>\t\t\t\t\t\t<\/div>\n\t\t\t\t<\/div>\n\t\t\t\t\t<\/div>\n\t\t<\/div>\n\t\t\t\t\t<\/div>\n\t\t<\/section>\n\t\t\t\t<div class=\"elementor-element elementor-element-2a44fb3a elementor-widget elementor-widget-spacer\" data-id=\"2a44fb3a\" data-element_type=\"widget\" data-widget_type=\"spacer.default\">\n\t\t\t\t<div class=\"elementor-widget-container\">\n\t\t\t<style>\/*! elementor - v3.23.0 - 05-08-2024 *\/\n.elementor-column .elementor-spacer-inner{height:var(--spacer-size)}.e-con{--container-widget-width:100%}.e-con-inner>.elementor-widget-spacer,.e-con>.elementor-widget-spacer{width:var(--container-widget-width,var(--spacer-size));--align-self:var(--container-widget-align-self,initial);--flex-shrink:0}.e-con-inner>.elementor-widget-spacer>.elementor-widget-container,.e-con>.elementor-widget-spacer>.elementor-widget-container{height:100%;width:100%}.e-con-inner>.elementor-widget-spacer>.elementor-widget-container>.elementor-spacer,.e-con>.elementor-widget-spacer>.elementor-widget-container>.elementor-spacer{height:100%}.e-con-inner>.elementor-widget-spacer>.elementor-widget-container>.elementor-spacer>.elementor-spacer-inner,.e-con>.elementor-widget-spacer>.elementor-widget-container>.elementor-spacer>.elementor-spacer-inner{height:var(--container-widget-height,var(--spacer-size))}.e-con-inner>.elementor-widget-spacer.elementor-widget-empty,.e-con>.elementor-widget-spacer.elementor-widget-empty{position:relative;min-height:22px;min-width:22px}.e-con-inner>.elementor-widget-spacer.elementor-widget-empty .elementor-widget-empty-icon,.e-con>.elementor-widget-spacer.elementor-widget-empty .elementor-widget-empty-icon{position:absolute;top:0;bottom:0;left:0;right:0;margin:auto;padding:0;width:22px;height:22px}<\/style>\t\t<div class=\"elementor-spacer\">\n\t\t\t<div class=\"elementor-spacer-inner\"><\/div>\n\t\t<\/div>\n\t\t\t\t<\/div>\n\t\t\t\t<\/div>\n\t\t\t\t<div class=\"elementor-element elementor-element-7bc7062f elementor-widget elementor-widget-text-editor\" data-id=\"7bc7062f\" data-element_type=\"widget\" data-widget_type=\"text-editor.default\">\n\t\t\t\t<div class=\"elementor-widget-container\">\n\t\t\t\t\t\t\t<p>Los ni\u00f1os y j\u00f3venes constituyen un grupo de edad m\u00e1s vulnerable a las ca\u00eddas. Varios trastornos de la estabilidad pueden volverse fundamentales para sostener ca\u00eddas m\u00e1s frecuentes y las fracturas resultantes. La estructura morfol\u00f3gica correcta afecta la eficiencia general del pie y ofrece un importante potencial de diagn\u00f3stico.<\/p><p>Incluso los trastornos menores del pie pueden afectar toda la cadena biocinem\u00e1tica, lo que tambi\u00e9n afecta la motilidad del pie. Las alteraciones estructurales dentro de un pie tambi\u00e9n pueden afectar el equilibrio en la posici\u00f3n de pie y contribuir a lesiones m\u00e1s frecuentes. El estudio tuvo como objetivo evaluar la relaci\u00f3n entre las deformidades de los pies y los d\u00e9ficits de estabilidad postural en escolares propensos a sufrir ca\u00eddas accidentales.<\/p><p>El estudio involucr\u00f3 a 200 ni\u00f1os (101 ni\u00f1as y 99 ni\u00f1os) de 10 a 15 a\u00f1os, seleccionados al azar de escuelas primarias. Se utiliz\u00f3 un podoscan 2D para evaluar la parte plantar del pie, mientras que el examen estabilom\u00e9trico fue asistido por la plataforma dinamom\u00e9trica FreeMed.<\/p>\t\t\t\t\t\t<\/div>\n\t\t\t\t<\/div>\n\t\t\t\t<div class=\"elementor-element elementor-element-27784f5 elementor-align-center elementor-widget elementor-widget-button\" data-id=\"27784f5\" data-element_type=\"widget\" data-widget_type=\"button.default\">\n\t\t\t\t<div class=\"elementor-widget-container\">\n\t\t\t\t\t<div class=\"elementor-button-wrapper\">\n\t\t\t<a class=\"elementor-button elementor-button-link elementor-size-lg\" href=\"https:\/\/www.sensormedica.com\/wp-content\/uploads\/2021\/11\/Feet_deformities_and_their_close_association.pdf\">\n\t\t\t\t\t\t<span class=\"elementor-button-content-wrapper\">\n\t\t\t\t\t\t<span class=\"elementor-button-icon\">\n\t\t\t\t<i aria-hidden=\"true\" class=\"fas fa-download\"><\/i>\t\t\t<\/span>\n\t\t\t\t\t\t\t\t\t<span class=\"elementor-button-text\">DESCARGAR<\/span>\n\t\t\t\t\t<\/span>\n\t\t\t\t\t<\/a>\n\t\t<\/div>\n\t\t\t\t<\/div>\n\t\t\t\t<\/div>\n\t\t\t\t\t<\/div>\n\t\t<\/div>\n\t\t\t\t\t<\/div>\n\t\t<\/section>\n\t\t\t\t<section class=\"elementor-section elementor-top-section elementor-element elementor-element-2e4e44fe elementor-section-boxed elementor-section-height-default elementor-section-height-default\" data-id=\"2e4e44fe\" data-element_type=\"section\">\n\t\t\t\t\t\t<div class=\"elementor-container elementor-column-gap-default\">\n\t\t\t\t\t<div class=\"elementor-column elementor-col-100 elementor-top-column elementor-element elementor-element-3217c9fa\" data-id=\"3217c9fa\" data-element_type=\"column\">\n\t\t\t<div class=\"elementor-widget-wrap\">\n\t\t\t\t\t\t\t<\/div>\n\t\t<\/div>\n\t\t\t\t\t<\/div>\n\t\t<\/section>\n\t\t\t\t<\/div>","protected":false},"excerpt":{"rendered":"<p>Autores:Beata Szczepanowska-Wolowiec, Paulina Sztandera, Ireneusz Kotela, Marek Zak Palabras clave:Salud p\u00fablica, Deformidades en los pies, Equilibrio, Estabilidad postural, Ni\u00f1os Los ni\u00f1os y j\u00f3venes constituyen un grupo de edad m\u00e1s vulnerable a las ca\u00eddas. Varios trastornos de la estabilidad pueden volverse fundamentales para sostener ca\u00eddas m\u00e1s frecuentes y las fracturas resultantes. La estructura morfol\u00f3gica correcta afecta la eficiencia general del pie, as\u00ed como...<\/p>\n<p class=\"read-more\"> <a class=\"\" href=\"https:\/\/www.sensormedica.com\/es\/deformidades-de-los-pies-y-su-estrecha-asociacion-con-deficits-de-estabilidad-postural-en-ninos-de-10-15-anos\/\"> <span class=\"screen-reader-text\">Deformidades de los pies y su estrecha asociaci\u00f3n con los d\u00e9ficits de estabilidad postural en ni\u00f1os de 10 a 15 a\u00f1os<\/span> Leer m\u00e1s \u00bb<\/a><\/p>","protected":false},"author":1,"featured_media":2015,"comment_status":"closed","ping_status":"closed","sticky":false,"template":"elementor_header_footer","format":"standard","meta":{"site-sidebar-layout":"default","site-content-layout":"","ast-site-content-layout":"","site-content-style":"default","site-sidebar-style":"default","ast-global-header-display":"","ast-banner-title-visibility":"","ast-main-header-display":"","ast-hfb-above-header-display":"","ast-hfb-below-header-display":"","ast-hfb-mobile-header-display":"","site-post-title":"","ast-breadcrumbs-content":"","ast-featured-img":"","footer-sml-layout":"","theme-transparent-header-meta":"","adv-header-id-meta":"","stick-header-meta":"","header-above-stick-meta":"","header-main-stick-meta":"","header-below-stick-meta":"","astra-migrate-meta-layouts":"","footnotes":""},"categories":[11],"tags":[],"class_list":["post-2014","post","type-post","status-publish","format-standard","has-post-thumbnail","hentry","category-scientific-research"],"yoast_head":"<!-- This site is optimized with the Yoast SEO Premium plugin v21.6 (Yoast SEO v21.6) - https:\/\/yoast.com\/wordpress\/plugins\/seo\/ -->\n<title>Feet deformities and their close association with postural stability deficits in children aged 10-15 years - Sensor Medica<\/title>\n<meta name=\"robots\" content=\"index, follow, max-snippet:-1, max-image-preview:large, max-video-preview:-1\" \/>\n<link rel=\"canonical\" href=\"https:\/\/www.sensormedica.com\/es\/deformidades-de-los-pies-y-su-estrecha-asociacion-con-deficits-de-estabilidad-postural-en-ninos-de-10-15-anos\/\" \/>\n<meta property=\"og:locale\" content=\"es_ES\" \/>\n<meta property=\"og:type\" content=\"article\" \/>\n<meta property=\"og:title\" content=\"Feet deformities and their close association with postural stability deficits in children aged 10-15 years\" \/>\n<meta property=\"og:description\" content=\"Authors:Beata Szczepanowska-Wolowiec, Paulina Sztandera, Ireneusz Kotela, Marek Zak Keywords:Public health, Feet deformities, Balance, Postural stability, Children Children and young people make up an age group most vulnerable to falls. Various stability disorders may become instrumental in sustaining more frequent falls and resultant fractures. Correct morphological structure impacts overall efficiency of the foot, as well as &hellip; Feet deformities and their close association with postural stability deficits in children aged 10-15 years Leer m\u00e1s &raquo;\" \/>\n<meta property=\"og:url\" content=\"https:\/\/www.sensormedica.com\/es\/deformidades-de-los-pies-y-su-estrecha-asociacion-con-deficits-de-estabilidad-postural-en-ninos-de-10-15-anos\/\" \/>\n<meta property=\"og:site_name\" content=\"Sensor Medica\" \/>\n<meta property=\"article:published_time\" content=\"2021-03-17T11:38:46+00:00\" \/>\n<meta property=\"article:modified_time\" content=\"2025-05-20T05:57:55+00:00\" \/>\n<meta name=\"author\" content=\"admin\" \/>\n<meta name=\"twitter:card\" content=\"summary_large_image\" \/>\n<meta name=\"twitter:label1\" content=\"Escrito por\" \/>\n\t<meta name=\"twitter:data1\" content=\"admin\" \/>\n\t<meta name=\"twitter:label2\" content=\"Tiempo de lectura\" \/>\n\t<meta name=\"twitter:data2\" content=\"1 minuto\" \/>\n<script type=\"application\/ld+json\" class=\"yoast-schema-graph\">{\"@context\":\"https:\/\/schema.org\",\"@graph\":[{\"@type\":\"WebPage\",\"@id\":\"https:\/\/www.sensormedica.com\/feet-deformities-and-their-close-association-with-postural-stability-deficits-in-children-aged-10-15-years\/\",\"url\":\"https:\/\/www.sensormedica.com\/feet-deformities-and-their-close-association-with-postural-stability-deficits-in-children-aged-10-15-years\/\",\"name\":\"Feet deformities and their close association with postural stability deficits in children aged 10-15 years - Sensor Medica\",\"isPartOf\":{\"@id\":\"https:\/\/www.sensormedica.com\/#website\"},\"datePublished\":\"2021-03-17T11:38:46+00:00\",\"dateModified\":\"2025-05-20T05:57:55+00:00\",\"author\":{\"@id\":\"https:\/\/www.sensormedica.com\/#\/schema\/person\/9e8c7e2dfe19c46e6f8fbf21b18a92ae\"},\"breadcrumb\":{\"@id\":\"https:\/\/www.sensormedica.com\/feet-deformities-and-their-close-association-with-postural-stability-deficits-in-children-aged-10-15-years\/#breadcrumb\"},\"inLanguage\":\"es\",\"potentialAction\":[{\"@type\":\"ReadAction\",\"target\":[\"https:\/\/www.sensormedica.com\/feet-deformities-and-their-close-association-with-postural-stability-deficits-in-children-aged-10-15-years\/\"]}]},{\"@type\":\"BreadcrumbList\",\"@id\":\"https:\/\/www.sensormedica.com\/feet-deformities-and-their-close-association-with-postural-stability-deficits-in-children-aged-10-15-years\/#breadcrumb\",\"itemListElement\":[{\"@type\":\"ListItem\",\"position\":1,\"name\":\"Home\",\"item\":\"https:\/\/www.sensormedica.com\/\"},{\"@type\":\"ListItem\",\"position\":2,\"name\":\"Feet deformities and their close association with postural stability deficits in children aged 10-15 years\"}]},{\"@type\":\"WebSite\",\"@id\":\"https:\/\/www.sensormedica.com\/#website\",\"url\":\"https:\/\/www.sensormedica.com\/\",\"name\":\"Sensor Medica\",\"description\":\"Technology in Motion\",\"potentialAction\":[{\"@type\":\"SearchAction\",\"target\":{\"@type\":\"EntryPoint\",\"urlTemplate\":\"https:\/\/www.sensormedica.com\/?s={search_term_string}\"},\"query-input\":\"required name=search_term_string\"}],\"inLanguage\":\"es\"},{\"@type\":\"Person\",\"@id\":\"https:\/\/www.sensormedica.com\/#\/schema\/person\/9e8c7e2dfe19c46e6f8fbf21b18a92ae\",\"name\":\"admin\",\"image\":{\"@type\":\"ImageObject\",\"inLanguage\":\"es\",\"@id\":\"https:\/\/www.sensormedica.com\/#\/schema\/person\/image\/\",\"url\":\"https:\/\/secure.gravatar.com\/avatar\/ba282bd3c4d3a4aa46e9e11fd51e8f5afd5f5abf5ed36047ae15d4734d26c151?s=96&d=mm&r=g\",\"contentUrl\":\"https:\/\/secure.gravatar.com\/avatar\/ba282bd3c4d3a4aa46e9e11fd51e8f5afd5f5abf5ed36047ae15d4734d26c151?s=96&d=mm&r=g\",\"caption\":\"admin\"},\"sameAs\":[\"https:\/\/www.sensormedica.com\"],\"url\":\"https:\/\/www.sensormedica.com\/es\/author\/adminsmusa\/\"}]}<\/script>\n<!-- \/ Yoast SEO Premium plugin. -->","yoast_head_json":{"title":"Feet deformities and their close association with postural stability deficits in children aged 10-15 years - Sensor Medica","robots":{"index":"index","follow":"follow","max-snippet":"max-snippet:-1","max-image-preview":"max-image-preview:large","max-video-preview":"max-video-preview:-1"},"canonical":"https:\/\/www.sensormedica.com\/es\/deformidades-de-los-pies-y-su-estrecha-asociacion-con-deficits-de-estabilidad-postural-en-ninos-de-10-15-anos\/","og_locale":"es_ES","og_type":"article","og_title":"Feet deformities and their close association with postural stability deficits in children aged 10-15 years","og_description":"Authors:Beata Szczepanowska-Wolowiec, Paulina Sztandera, Ireneusz Kotela, Marek Zak Keywords:Public health, Feet deformities, Balance, Postural stability, Children Children and young people make up an age group most vulnerable to falls. Various stability disorders may become instrumental in sustaining more frequent falls and resultant fractures. Correct morphological structure impacts overall efficiency of the foot, as well as &hellip; Feet deformities and their close association with postural stability deficits in children aged 10-15 years Leer m\u00e1s &raquo;","og_url":"https:\/\/www.sensormedica.com\/es\/deformidades-de-los-pies-y-su-estrecha-asociacion-con-deficits-de-estabilidad-postural-en-ninos-de-10-15-anos\/","og_site_name":"Sensor Medica","article_published_time":"2021-03-17T11:38:46+00:00","article_modified_time":"2025-05-20T05:57:55+00:00","author":"admin","twitter_card":"summary_large_image","twitter_misc":{"Escrito por":"admin","Tiempo de lectura":"1 minuto"},"schema":{"@context":"https:\/\/schema.org","@graph":[{"@type":"WebPage","@id":"https:\/\/www.sensormedica.com\/feet-deformities-and-their-close-association-with-postural-stability-deficits-in-children-aged-10-15-years\/","url":"https:\/\/www.sensormedica.com\/feet-deformities-and-their-close-association-with-postural-stability-deficits-in-children-aged-10-15-years\/","name":"Feet deformities and their close association with postural stability deficits in children aged 10-15 years - Sensor Medica","isPartOf":{"@id":"https:\/\/www.sensormedica.com\/#website"},"datePublished":"2021-03-17T11:38:46+00:00","dateModified":"2025-05-20T05:57:55+00:00","author":{"@id":"https:\/\/www.sensormedica.com\/#\/schema\/person\/9e8c7e2dfe19c46e6f8fbf21b18a92ae"},"breadcrumb":{"@id":"https:\/\/www.sensormedica.com\/feet-deformities-and-their-close-association-with-postural-stability-deficits-in-children-aged-10-15-years\/#breadcrumb"},"inLanguage":"es","potentialAction":[{"@type":"ReadAction","target":["https:\/\/www.sensormedica.com\/feet-deformities-and-their-close-association-with-postural-stability-deficits-in-children-aged-10-15-years\/"]}]},{"@type":"BreadcrumbList","@id":"https:\/\/www.sensormedica.com\/feet-deformities-and-their-close-association-with-postural-stability-deficits-in-children-aged-10-15-years\/#breadcrumb","itemListElement":[{"@type":"ListItem","position":1,"name":"Home","item":"https:\/\/www.sensormedica.com\/"},{"@type":"ListItem","position":2,"name":"Feet deformities and their close association with postural stability deficits in children aged 10-15 years"}]},{"@type":"WebSite","@id":"https:\/\/www.sensormedica.com\/#website","url":"https:\/\/www.sensormedica.com\/","name":"Sensor Medica","description":"Technology in Motion","potentialAction":[{"@type":"SearchAction","target":{"@type":"EntryPoint","urlTemplate":"https:\/\/www.sensormedica.com\/?s={search_term_string}"},"query-input":"required name=search_term_string"}],"inLanguage":"es"},{"@type":"Person","@id":"https:\/\/www.sensormedica.com\/#\/schema\/person\/9e8c7e2dfe19c46e6f8fbf21b18a92ae","name":"admin","image":{"@type":"ImageObject","inLanguage":"es","@id":"https:\/\/www.sensormedica.com\/#\/schema\/person\/image\/","url":"https:\/\/secure.gravatar.com\/avatar\/ba282bd3c4d3a4aa46e9e11fd51e8f5afd5f5abf5ed36047ae15d4734d26c151?s=96&d=mm&r=g","contentUrl":"https:\/\/secure.gravatar.com\/avatar\/ba282bd3c4d3a4aa46e9e11fd51e8f5afd5f5abf5ed36047ae15d4734d26c151?s=96&d=mm&r=g","caption":"admin"},"sameAs":["https:\/\/www.sensormedica.com"],"url":"https:\/\/www.sensormedica.com\/es\/author\/adminsmusa\/"}]}},"_links":{"self":[{"href":"https:\/\/www.sensormedica.com\/es\/wp-json\/wp\/v2\/posts\/2014","targetHints":{"allow":["GET"]}}],"collection":[{"href":"https:\/\/www.sensormedica.com\/es\/wp-json\/wp\/v2\/posts"}],"about":[{"href":"https:\/\/www.sensormedica.com\/es\/wp-json\/wp\/v2\/types\/post"}],"author":[{"embeddable":true,"href":"https:\/\/www.sensormedica.com\/es\/wp-json\/wp\/v2\/users\/1"}],"replies":[{"embeddable":true,"href":"https:\/\/www.sensormedica.com\/es\/wp-json\/wp\/v2\/comments?post=2014"}],"version-history":[{"count":1,"href":"https:\/\/www.sensormedica.com\/es\/wp-json\/wp\/v2\/posts\/2014\/revisions"}],"predecessor-version":[{"id":12675,"href":"https:\/\/www.sensormedica.com\/es\/wp-json\/wp\/v2\/posts\/2014\/revisions\/12675"}],"wp:featuredmedia":[{"embeddable":true,"href":"https:\/\/www.sensormedica.com\/es\/wp-json\/"}],"wp:attachment":[{"href":"https:\/\/www.sensormedica.com\/es\/wp-json\/wp\/v2\/media?parent=2014"}],"wp:term":[{"taxonomy":"category","embeddable":true,"href":"https:\/\/www.sensormedica.com\/es\/wp-json\/wp\/v2\/categories?post=2014"},{"taxonomy":"post_tag","embeddable":true,"href":"https:\/\/www.sensormedica.com\/es\/wp-json\/wp\/v2\/tags?post=2014"}],"curies":[{"name":"wp","href":"https:\/\/api.w.org\/{rel}","templated":true}]}}