{"id":2007,"date":"2021-03-17T12:25:57","date_gmt":"2021-03-17T11:25:57","guid":{"rendered":"https:\/\/www.sensormedica.com\/?p=2007"},"modified":"2025-05-20T05:57:55","modified_gmt":"2025-05-20T05:57:55","slug":"postural-control-and-balance-in-a-cohort-of-healthy-people-living-in-europe","status":"publish","type":"post","link":"https:\/\/www.sensormedica.com\/es\/control-postural-y-equilibrio-en-una-cohorte-de-personas-sanas-que-viven-en-europa\/","title":{"rendered":"Control postural y equilibrio en una cohorte de personas sanas que viven en Europa"},"content":{"rendered":"<div data-elementor-type=\"wp-post\" data-elementor-id=\"2007\" class=\"elementor elementor-2007\" data-elementor-post-type=\"post\">\n\t\t\t\t\t\t<section class=\"elementor-section elementor-top-section elementor-element elementor-element-aaaff2e elementor-section-boxed elementor-section-height-default elementor-section-height-default\" data-id=\"aaaff2e\" data-element_type=\"section\" data-settings=\"{&quot;background_background&quot;:&quot;classic&quot;}\">\n\t\t\t\t\t\t\t<div class=\"elementor-background-overlay\"><\/div>\n\t\t\t\t\t\t\t<div class=\"elementor-container elementor-column-gap-default\">\n\t\t\t\t\t<div class=\"elementor-column elementor-col-33 elementor-top-column elementor-element elementor-element-1b1c8fd9\" data-id=\"1b1c8fd9\" data-element_type=\"column\">\n\t\t\t<div class=\"elementor-widget-wrap\">\n\t\t\t\t\t\t\t<\/div>\n\t\t<\/div>\n\t\t\t\t<div class=\"elementor-column elementor-col-33 elementor-top-column elementor-element elementor-element-22e1dd3f\" data-id=\"22e1dd3f\" data-element_type=\"column\">\n\t\t\t<div class=\"elementor-widget-wrap elementor-element-populated\">\n\t\t\t\t\t\t<div class=\"elementor-element elementor-element-11ae6d3d elementor-widget elementor-widget-theme-post-title elementor-page-title elementor-widget-heading\" data-id=\"11ae6d3d\" data-element_type=\"widget\" data-widget_type=\"theme-post-title.default\">\n\t\t\t\t<div class=\"elementor-widget-container\">\n\t\t\t<style>\/*! elementor - v3.23.0 - 05-08-2024 *\/\n.elementor-heading-title{padding:0;margin:0;line-height:1}.elementor-widget-heading .elementor-heading-title[class*=elementor-size-]>a{color:inherit;font-size:inherit;line-height:inherit}.elementor-widget-heading .elementor-heading-title.elementor-size-small{font-size:15px}.elementor-widget-heading .elementor-heading-title.elementor-size-medium{font-size:19px}.elementor-widget-heading .elementor-heading-title.elementor-size-large{font-size:29px}.elementor-widget-heading .elementor-heading-title.elementor-size-xl{font-size:39px}.elementor-widget-heading .elementor-heading-title.elementor-size-xxl{font-size:59px}<\/style><h1 class=\"elementor-heading-title elementor-size-default\">Control postural y equilibrio en una cohorte de personas sanas que viven en Europa<\/h1>\t\t<\/div>\n\t\t\t\t<\/div>\n\t\t\t\t\t<\/div>\n\t\t<\/div>\n\t\t\t\t<div class=\"elementor-column elementor-col-33 elementor-top-column elementor-element elementor-element-687ab338\" data-id=\"687ab338\" data-element_type=\"column\">\n\t\t\t<div class=\"elementor-widget-wrap\">\n\t\t\t\t\t\t\t<\/div>\n\t\t<\/div>\n\t\t\t\t\t<\/div>\n\t\t<\/section>\n\t\t\t\t<section class=\"elementor-section elementor-top-section elementor-element elementor-element-46655477 elementor-section-boxed elementor-section-height-default elementor-section-height-default\" data-id=\"46655477\" data-element_type=\"section\">\n\t\t\t\t\t\t<div class=\"elementor-container elementor-column-gap-default\">\n\t\t\t\t\t<div class=\"elementor-column elementor-col-100 elementor-top-column elementor-element elementor-element-57aed567\" data-id=\"57aed567\" data-element_type=\"column\">\n\t\t\t<div class=\"elementor-widget-wrap elementor-element-populated\">\n\t\t\t\t\t\t<section class=\"elementor-section elementor-inner-section elementor-element elementor-element-66bf7329 elementor-section-boxed elementor-section-height-default elementor-section-height-default\" data-id=\"66bf7329\" data-element_type=\"section\">\n\t\t\t\t\t\t<div class=\"elementor-container elementor-column-gap-default\">\n\t\t\t\t\t<div class=\"elementor-column elementor-col-66 elementor-inner-column elementor-element elementor-element-67165c1b\" data-id=\"67165c1b\" data-element_type=\"column\">\n\t\t\t<div class=\"elementor-widget-wrap elementor-element-populated\">\n\t\t\t\t\t\t\t<\/div>\n\t\t<\/div>\n\t\t\t\t<div class=\"elementor-column elementor-col-33 elementor-inner-column elementor-element elementor-element-d75d286\" data-id=\"d75d286\" data-element_type=\"column\">\n\t\t\t<div class=\"elementor-widget-wrap elementor-element-populated\">\n\t\t\t\t\t\t<div class=\"elementor-element elementor-element-26084d18 elementor-widget elementor-widget-text-editor\" data-id=\"26084d18\" data-element_type=\"widget\" data-widget_type=\"text-editor.default\">\n\t\t\t\t<div class=\"elementor-widget-container\">\n\t\t\t<style>\/*! elementor - v3.23.0 - 05-08-2024 *\/\n.elementor-widget-text-editor.elementor-drop-cap-view-stacked .elementor-drop-cap{background-color:#69727d;color:#fff}.elementor-widget-text-editor.elementor-drop-cap-view-framed .elementor-drop-cap{color:#69727d;border:3px solid;background-color:transparent}.elementor-widget-text-editor:not(.elementor-drop-cap-view-default) .elementor-drop-cap{margin-top:8px}.elementor-widget-text-editor:not(.elementor-drop-cap-view-default) .elementor-drop-cap-letter{width:1em;height:1em}.elementor-widget-text-editor .elementor-drop-cap{float:left;text-align:center;line-height:1;font-size:50px}.elementor-widget-text-editor .elementor-drop-cap-letter{display:inline-block}<\/style>\t\t\t\t<div class=\"item_fulltext\"><p><strong>Autores:<\/strong><br \/>Antonino Patti (MSc), Antonino Bianco (PhD), Nese Sahin (PhD), Damir Sekulic (PhD), Antonio Paoli (MD), Angelo Iovane (MD), Giuseppe Messina (MD), Pierre Marie Gagey (MD), Antonio Palma (MD)<\/p><p><strong>Palabras clave:<\/strong><br \/>equilibrio, datos normativos, valores normativos, control postural, posturograf\u00eda<\/p><\/div>\t\t\t\t\t\t<\/div>\n\t\t\t\t<\/div>\n\t\t\t\t\t<\/div>\n\t\t<\/div>\n\t\t\t\t\t<\/div>\n\t\t<\/section>\n\t\t\t\t<div class=\"elementor-element elementor-element-444d4139 elementor-widget elementor-widget-spacer\" data-id=\"444d4139\" data-element_type=\"widget\" data-widget_type=\"spacer.default\">\n\t\t\t\t<div class=\"elementor-widget-container\">\n\t\t\t<style>\/*! elementor - v3.23.0 - 05-08-2024 *\/\n.elementor-column .elementor-spacer-inner{height:var(--spacer-size)}.e-con{--container-widget-width:100%}.e-con-inner>.elementor-widget-spacer,.e-con>.elementor-widget-spacer{width:var(--container-widget-width,var(--spacer-size));--align-self:var(--container-widget-align-self,initial);--flex-shrink:0}.e-con-inner>.elementor-widget-spacer>.elementor-widget-container,.e-con>.elementor-widget-spacer>.elementor-widget-container{height:100%;width:100%}.e-con-inner>.elementor-widget-spacer>.elementor-widget-container>.elementor-spacer,.e-con>.elementor-widget-spacer>.elementor-widget-container>.elementor-spacer{height:100%}.e-con-inner>.elementor-widget-spacer>.elementor-widget-container>.elementor-spacer>.elementor-spacer-inner,.e-con>.elementor-widget-spacer>.elementor-widget-container>.elementor-spacer>.elementor-spacer-inner{height:var(--container-widget-height,var(--spacer-size))}.e-con-inner>.elementor-widget-spacer.elementor-widget-empty,.e-con>.elementor-widget-spacer.elementor-widget-empty{position:relative;min-height:22px;min-width:22px}.e-con-inner>.elementor-widget-spacer.elementor-widget-empty .elementor-widget-empty-icon,.e-con>.elementor-widget-spacer.elementor-widget-empty .elementor-widget-empty-icon{position:absolute;top:0;bottom:0;left:0;right:0;margin:auto;padding:0;width:22px;height:22px}<\/style>\t\t<div class=\"elementor-spacer\">\n\t\t\t<div class=\"elementor-spacer-inner\"><\/div>\n\t\t<\/div>\n\t\t\t\t<\/div>\n\t\t\t\t<\/div>\n\t\t\t\t<div class=\"elementor-element elementor-element-62a17d9f elementor-widget elementor-widget-text-editor\" data-id=\"62a17d9f\" data-element_type=\"widget\" data-widget_type=\"text-editor.default\">\n\t\t\t\t<div class=\"elementor-widget-container\">\n\t\t\t\t\t\t\t<p>En los \u00faltimos 20 a\u00f1os, la posturograf\u00eda ha sido ampliamente utilizada en el campo m\u00e9dico. Este estudio observacional tuvo como objetivo informar los valores derivados de la posturograf\u00eda de un amplio conjunto de sujetos sanos de varios pa\u00edses europeos utilizando una plataforma de presi\u00f3n plantar y un m\u00e9todo de medici\u00f3n estandarizado.<\/p><p>Se realiz\u00f3 un muestreo aleatorio por conglomerados de 914 sujetos sanos con edades comprendidas entre 7,0 y 85,99 a\u00f1os, estratificados por edad. Para proporcionar los valores percentiles de nuestra cohorte, los datos se procesaron para obtener 3 curvas correspondientes a los siguientes percentiles: 25, 50, 75 y el rango intercuart\u00edlico. Se utiliz\u00f3 el m\u00e9todo de m\u00ednimos cuadrados ponderados por distancia para representar el percentil en gr\u00e1ficos apropiados.<\/p><p>Dado que el estudio incluy\u00f3 una cantidad relativamente grande de datos recopilados mediante un protocolo estandarizado, estos resultados podr\u00edan utilizarse como valores normativos de posturograf\u00eda para poblaciones similares. Sobre la base de estos datos, las pistas de diagn\u00f3stico correctas estar\u00e1n disponibles para los m\u00e9dicos y profesionales en el campo. Sin embargo, se necesitan m\u00e1s estudios para confirmar nuestros hallazgos.<\/p>\t\t\t\t\t\t<\/div>\n\t\t\t\t<\/div>\n\t\t\t\t<div class=\"elementor-element elementor-element-2c814b55 elementor-align-center elementor-widget elementor-widget-button\" data-id=\"2c814b55\" data-element_type=\"widget\" data-widget_type=\"button.default\">\n\t\t\t\t<div class=\"elementor-widget-container\">\n\t\t\t\t\t<div class=\"elementor-button-wrapper\">\n\t\t\t<a class=\"elementor-button elementor-button-link elementor-size-lg\" href=\"https:\/\/www.sensormedica.com\/wp-content\/uploads\/2021\/11\/Postural_control_and_balance.pdf\">\n\t\t\t\t\t\t<span class=\"elementor-button-content-wrapper\">\n\t\t\t\t\t\t<span class=\"elementor-button-icon\">\n\t\t\t\t<i aria-hidden=\"true\" class=\"fas fa-download\"><\/i>\t\t\t<\/span>\n\t\t\t\t\t\t\t\t\t<span class=\"elementor-button-text\">DESCARGAR<\/span>\n\t\t\t\t\t<\/span>\n\t\t\t\t\t<\/a>\n\t\t<\/div>\n\t\t\t\t<\/div>\n\t\t\t\t<\/div>\n\t\t\t\t\t<\/div>\n\t\t<\/div>\n\t\t\t\t\t<\/div>\n\t\t<\/section>\n\t\t\t\t<section class=\"elementor-section elementor-top-section elementor-element elementor-element-7f87a718 elementor-section-boxed elementor-section-height-default elementor-section-height-default\" data-id=\"7f87a718\" data-element_type=\"section\">\n\t\t\t\t\t\t<div class=\"elementor-container elementor-column-gap-default\">\n\t\t\t\t\t<div class=\"elementor-column elementor-col-100 elementor-top-column elementor-element elementor-element-11cf5e4b\" data-id=\"11cf5e4b\" data-element_type=\"column\">\n\t\t\t<div class=\"elementor-widget-wrap\">\n\t\t\t\t\t\t\t<\/div>\n\t\t<\/div>\n\t\t\t\t\t<\/div>\n\t\t<\/section>\n\t\t\t\t<\/div>","protected":false},"excerpt":{"rendered":"<p>Autores:Antonino Patti (MSc), Antonino Bianco (PhD), Nese Sahin (PhD), Damir Sekulic (PhD), Antonio Paoli (MD), Angelo Iovane (MD), Giuseppe Messina (MD), Pierre Marie Gagey (MD) , Antonio Palma (MD) Palabras clave: equilibrio, datos normativos, valores normativos, control postural, posturograf\u00eda En los \u00faltimos 20 a\u00f1os, la posturograf\u00eda ha sido ampliamente utilizada en el campo m\u00e9dico. Este estudio observacional tuvo como objetivo\u2026<\/p>\n<p class=\"read-more\"> <a class=\"\" href=\"https:\/\/www.sensormedica.com\/es\/control-postural-y-equilibrio-en-una-cohorte-de-personas-sanas-que-viven-en-europa\/\"> <span class=\"screen-reader-text\">Control postural y equilibrio en una cohorte de personas sanas que viven en Europa<\/span> Leer m\u00e1s \u00bb<\/a><\/p>","protected":false},"author":1,"featured_media":2008,"comment_status":"closed","ping_status":"closed","sticky":false,"template":"elementor_header_footer","format":"standard","meta":{"site-sidebar-layout":"default","site-content-layout":"","ast-site-content-layout":"","site-content-style":"default","site-sidebar-style":"default","ast-global-header-display":"","ast-banner-title-visibility":"","ast-main-header-display":"","ast-hfb-above-header-display":"","ast-hfb-below-header-display":"","ast-hfb-mobile-header-display":"","site-post-title":"","ast-breadcrumbs-content":"","ast-featured-img":"","footer-sml-layout":"","theme-transparent-header-meta":"","adv-header-id-meta":"","stick-header-meta":"","header-above-stick-meta":"","header-main-stick-meta":"","header-below-stick-meta":"","astra-migrate-meta-layouts":"","footnotes":""},"categories":[11],"tags":[],"class_list":["post-2007","post","type-post","status-publish","format-standard","has-post-thumbnail","hentry","category-scientific-research"],"yoast_head":"<!-- This site is optimized with the Yoast SEO Premium plugin v21.6 (Yoast SEO v21.6) - https:\/\/yoast.com\/wordpress\/plugins\/seo\/ -->\n<title>Postural control and balance in a cohort of healthy people living in Europe - Sensor Medica<\/title>\n<meta name=\"robots\" content=\"index, follow, max-snippet:-1, max-image-preview:large, max-video-preview:-1\" \/>\n<link rel=\"canonical\" href=\"https:\/\/www.sensormedica.com\/es\/control-postural-y-equilibrio-en-una-cohorte-de-personas-sanas-que-viven-en-europa\/\" \/>\n<meta property=\"og:locale\" content=\"es_ES\" \/>\n<meta property=\"og:type\" content=\"article\" \/>\n<meta property=\"og:title\" content=\"Postural control and balance in a cohort of healthy people living in Europe\" \/>\n<meta property=\"og:description\" content=\"Authors:Antonino Patti (MSc), Antonino Bianco (PhD), Nese Sahin (PhD), Damir Sekulic (PhD), Antonio Paoli (MD), Angelo Iovane (MD), Giuseppe Messina (MD), Pierre Marie Gagey (MD), Antonio Palma (MD) Keywords:balance, normative data, normative values, postural control, posturography In the past 20 years, posturography has been widely used in the medical field. This observational study aimed to &hellip; Postural control and balance in a cohort of healthy people living in Europe Leer m\u00e1s &raquo;\" \/>\n<meta property=\"og:url\" content=\"https:\/\/www.sensormedica.com\/es\/control-postural-y-equilibrio-en-una-cohorte-de-personas-sanas-que-viven-en-europa\/\" \/>\n<meta property=\"og:site_name\" content=\"Sensor Medica\" \/>\n<meta property=\"article:published_time\" content=\"2021-03-17T11:25:57+00:00\" \/>\n<meta property=\"article:modified_time\" content=\"2025-05-20T05:57:55+00:00\" \/>\n<meta name=\"author\" content=\"admin\" \/>\n<meta name=\"twitter:card\" content=\"summary_large_image\" \/>\n<meta name=\"twitter:label1\" content=\"Escrito por\" \/>\n\t<meta name=\"twitter:data1\" content=\"admin\" \/>\n\t<meta name=\"twitter:label2\" content=\"Tiempo de lectura\" \/>\n\t<meta name=\"twitter:data2\" content=\"2 minutos\" \/>\n<script type=\"application\/ld+json\" class=\"yoast-schema-graph\">{\"@context\":\"https:\/\/schema.org\",\"@graph\":[{\"@type\":\"WebPage\",\"@id\":\"https:\/\/www.sensormedica.com\/postural-control-and-balance-in-a-cohort-of-healthy-people-living-in-europe\/\",\"url\":\"https:\/\/www.sensormedica.com\/postural-control-and-balance-in-a-cohort-of-healthy-people-living-in-europe\/\",\"name\":\"Postural control and balance in a cohort of healthy people living in Europe - Sensor Medica\",\"isPartOf\":{\"@id\":\"https:\/\/www.sensormedica.com\/#website\"},\"datePublished\":\"2021-03-17T11:25:57+00:00\",\"dateModified\":\"2025-05-20T05:57:55+00:00\",\"author\":{\"@id\":\"https:\/\/www.sensormedica.com\/#\/schema\/person\/9e8c7e2dfe19c46e6f8fbf21b18a92ae\"},\"breadcrumb\":{\"@id\":\"https:\/\/www.sensormedica.com\/postural-control-and-balance-in-a-cohort-of-healthy-people-living-in-europe\/#breadcrumb\"},\"inLanguage\":\"es\",\"potentialAction\":[{\"@type\":\"ReadAction\",\"target\":[\"https:\/\/www.sensormedica.com\/postural-control-and-balance-in-a-cohort-of-healthy-people-living-in-europe\/\"]}]},{\"@type\":\"BreadcrumbList\",\"@id\":\"https:\/\/www.sensormedica.com\/postural-control-and-balance-in-a-cohort-of-healthy-people-living-in-europe\/#breadcrumb\",\"itemListElement\":[{\"@type\":\"ListItem\",\"position\":1,\"name\":\"Home\",\"item\":\"https:\/\/www.sensormedica.com\/\"},{\"@type\":\"ListItem\",\"position\":2,\"name\":\"Postural control and balance in a cohort of healthy people living in Europe\"}]},{\"@type\":\"WebSite\",\"@id\":\"https:\/\/www.sensormedica.com\/#website\",\"url\":\"https:\/\/www.sensormedica.com\/\",\"name\":\"Sensor Medica\",\"description\":\"Technology in Motion\",\"potentialAction\":[{\"@type\":\"SearchAction\",\"target\":{\"@type\":\"EntryPoint\",\"urlTemplate\":\"https:\/\/www.sensormedica.com\/?s={search_term_string}\"},\"query-input\":\"required name=search_term_string\"}],\"inLanguage\":\"es\"},{\"@type\":\"Person\",\"@id\":\"https:\/\/www.sensormedica.com\/#\/schema\/person\/9e8c7e2dfe19c46e6f8fbf21b18a92ae\",\"name\":\"admin\",\"image\":{\"@type\":\"ImageObject\",\"inLanguage\":\"es\",\"@id\":\"https:\/\/www.sensormedica.com\/#\/schema\/person\/image\/\",\"url\":\"https:\/\/secure.gravatar.com\/avatar\/ba282bd3c4d3a4aa46e9e11fd51e8f5afd5f5abf5ed36047ae15d4734d26c151?s=96&d=mm&r=g\",\"contentUrl\":\"https:\/\/secure.gravatar.com\/avatar\/ba282bd3c4d3a4aa46e9e11fd51e8f5afd5f5abf5ed36047ae15d4734d26c151?s=96&d=mm&r=g\",\"caption\":\"admin\"},\"sameAs\":[\"https:\/\/www.sensormedica.com\"],\"url\":\"https:\/\/www.sensormedica.com\/es\/author\/adminsmusa\/\"}]}<\/script>\n<!-- \/ Yoast SEO Premium plugin. -->","yoast_head_json":{"title":"Postural control and balance in a cohort of healthy people living in Europe - Sensor Medica","robots":{"index":"index","follow":"follow","max-snippet":"max-snippet:-1","max-image-preview":"max-image-preview:large","max-video-preview":"max-video-preview:-1"},"canonical":"https:\/\/www.sensormedica.com\/es\/control-postural-y-equilibrio-en-una-cohorte-de-personas-sanas-que-viven-en-europa\/","og_locale":"es_ES","og_type":"article","og_title":"Postural control and balance in a cohort of healthy people living in Europe","og_description":"Authors:Antonino Patti (MSc), Antonino Bianco (PhD), Nese Sahin (PhD), Damir Sekulic (PhD), Antonio Paoli (MD), Angelo Iovane (MD), Giuseppe Messina (MD), Pierre Marie Gagey (MD), Antonio Palma (MD) Keywords:balance, normative data, normative values, postural control, posturography In the past 20 years, posturography has been widely used in the medical field. This observational study aimed to &hellip; Postural control and balance in a cohort of healthy people living in Europe Leer m\u00e1s &raquo;","og_url":"https:\/\/www.sensormedica.com\/es\/control-postural-y-equilibrio-en-una-cohorte-de-personas-sanas-que-viven-en-europa\/","og_site_name":"Sensor Medica","article_published_time":"2021-03-17T11:25:57+00:00","article_modified_time":"2025-05-20T05:57:55+00:00","author":"admin","twitter_card":"summary_large_image","twitter_misc":{"Escrito por":"admin","Tiempo de lectura":"2 minutos"},"schema":{"@context":"https:\/\/schema.org","@graph":[{"@type":"WebPage","@id":"https:\/\/www.sensormedica.com\/postural-control-and-balance-in-a-cohort-of-healthy-people-living-in-europe\/","url":"https:\/\/www.sensormedica.com\/postural-control-and-balance-in-a-cohort-of-healthy-people-living-in-europe\/","name":"Postural control and balance in a cohort of healthy people living in Europe - Sensor Medica","isPartOf":{"@id":"https:\/\/www.sensormedica.com\/#website"},"datePublished":"2021-03-17T11:25:57+00:00","dateModified":"2025-05-20T05:57:55+00:00","author":{"@id":"https:\/\/www.sensormedica.com\/#\/schema\/person\/9e8c7e2dfe19c46e6f8fbf21b18a92ae"},"breadcrumb":{"@id":"https:\/\/www.sensormedica.com\/postural-control-and-balance-in-a-cohort-of-healthy-people-living-in-europe\/#breadcrumb"},"inLanguage":"es","potentialAction":[{"@type":"ReadAction","target":["https:\/\/www.sensormedica.com\/postural-control-and-balance-in-a-cohort-of-healthy-people-living-in-europe\/"]}]},{"@type":"BreadcrumbList","@id":"https:\/\/www.sensormedica.com\/postural-control-and-balance-in-a-cohort-of-healthy-people-living-in-europe\/#breadcrumb","itemListElement":[{"@type":"ListItem","position":1,"name":"Home","item":"https:\/\/www.sensormedica.com\/"},{"@type":"ListItem","position":2,"name":"Postural control and balance in a cohort of healthy people living in Europe"}]},{"@type":"WebSite","@id":"https:\/\/www.sensormedica.com\/#website","url":"https:\/\/www.sensormedica.com\/","name":"Sensor Medica","description":"Technology in Motion","potentialAction":[{"@type":"SearchAction","target":{"@type":"EntryPoint","urlTemplate":"https:\/\/www.sensormedica.com\/?s={search_term_string}"},"query-input":"required name=search_term_string"}],"inLanguage":"es"},{"@type":"Person","@id":"https:\/\/www.sensormedica.com\/#\/schema\/person\/9e8c7e2dfe19c46e6f8fbf21b18a92ae","name":"admin","image":{"@type":"ImageObject","inLanguage":"es","@id":"https:\/\/www.sensormedica.com\/#\/schema\/person\/image\/","url":"https:\/\/secure.gravatar.com\/avatar\/ba282bd3c4d3a4aa46e9e11fd51e8f5afd5f5abf5ed36047ae15d4734d26c151?s=96&d=mm&r=g","contentUrl":"https:\/\/secure.gravatar.com\/avatar\/ba282bd3c4d3a4aa46e9e11fd51e8f5afd5f5abf5ed36047ae15d4734d26c151?s=96&d=mm&r=g","caption":"admin"},"sameAs":["https:\/\/www.sensormedica.com"],"url":"https:\/\/www.sensormedica.com\/es\/author\/adminsmusa\/"}]}},"_links":{"self":[{"href":"https:\/\/www.sensormedica.com\/es\/wp-json\/wp\/v2\/posts\/2007","targetHints":{"allow":["GET"]}}],"collection":[{"href":"https:\/\/www.sensormedica.com\/es\/wp-json\/wp\/v2\/posts"}],"about":[{"href":"https:\/\/www.sensormedica.com\/es\/wp-json\/wp\/v2\/types\/post"}],"author":[{"embeddable":true,"href":"https:\/\/www.sensormedica.com\/es\/wp-json\/wp\/v2\/users\/1"}],"replies":[{"embeddable":true,"href":"https:\/\/www.sensormedica.com\/es\/wp-json\/wp\/v2\/comments?post=2007"}],"version-history":[{"count":1,"href":"https:\/\/www.sensormedica.com\/es\/wp-json\/wp\/v2\/posts\/2007\/revisions"}],"predecessor-version":[{"id":12676,"href":"https:\/\/www.sensormedica.com\/es\/wp-json\/wp\/v2\/posts\/2007\/revisions\/12676"}],"wp:featuredmedia":[{"embeddable":true,"href":"https:\/\/www.sensormedica.com\/es\/wp-json\/"}],"wp:attachment":[{"href":"https:\/\/www.sensormedica.com\/es\/wp-json\/wp\/v2\/media?parent=2007"}],"wp:term":[{"taxonomy":"category","embeddable":true,"href":"https:\/\/www.sensormedica.com\/es\/wp-json\/wp\/v2\/categories?post=2007"},{"taxonomy":"post_tag","embeddable":true,"href":"https:\/\/www.sensormedica.com\/es\/wp-json\/wp\/v2\/tags?post=2007"}],"curies":[{"name":"wp","href":"https:\/\/api.w.org\/{rel}","templated":true}]}}